{"id":6515,"date":"2023-11-13T14:54:55","date_gmt":"2023-11-13T14:54:55","guid":{"rendered":"https:\/\/www.cromogenia.com\/?p=6515"},"modified":"2023-11-16T08:39:53","modified_gmt":"2023-11-16T08:39:53","slug":"cromogenia-sponsors-the-charity-gala-of-the-ivan-manero-foundation","status":"publish","type":"post","link":"https:\/\/www.cromogenia.com\/en\/cromogenia-sponsors-the-charity-gala-of-the-ivan-manero-foundation\/","title":{"rendered":"Cromogenia sponsors the Charity Gala of the Ivan Ma\u00f1ero Foundation"},"content":{"rendered":"<p class=\"p1\">Thursday, November 9th, will be etched in memory as a unique celebration at Mas\u00eda Can Mag\u00ed in Sant Cugat del Vall\u00e8s (BCN), where the Dr. Ivan Ma\u00f1ero Foundation and AMIC NGO commemorated two decades of commitment with an emotional 13th Charity Gala under the theme &#8220;20 years growing together.&#8221; Once again, Cromogenia Units wanted to contribute as a sponsor of the event, aiming to support the work that both NGOs carry out for vulnerable children and women in Guinea Bissau, one of the poorest countries on the planet.<!--more--><\/p>\n<p><img loading=\"lazy\" decoding=\"async\" class=\"alignnone wp-image-6511 size-large\" src=\"https:\/\/www.cromogenia.com\/wp-content\/uploads\/2023\/11\/vips-y-caras-conocidas-en-la-gala-benefica-1024x587.jpg\" alt=\"\" width=\"1024\" height=\"587\" srcset=\"https:\/\/www.cromogenia.com\/wp-content\/uploads\/2023\/11\/vips-y-caras-conocidas-en-la-gala-benefica-980x562.jpg 980w, https:\/\/www.cromogenia.com\/wp-content\/uploads\/2023\/11\/vips-y-caras-conocidas-en-la-gala-benefica-480x275.jpg 480w\" sizes=\"(min-width: 0px) and (max-width: 480px) 480px, (min-width: 481px) and (max-width: 980px) 980px, (min-width: 981px) 1024px, 100vw\" \/><\/p>\n<h2><strong>Charity Gala Marking 20 Years<\/strong><\/h2>\n<p>Under the slogan &#8220;20 years growing together,&#8221; the gala raised over \u20ac75,000 for educational projects and the fight against child malnutrition in Guinea Bissau. The generosity of over 400 attendees exceeded expectations. Hosted by Elsa Anka, the evening featured outstanding performances by Ruth Lorenzo, Thais Henr\u00edquez, and Joan Garrido. Well-known faces such as Fran Rivera, Jose Lu\u00eds Lopez &#8220;El Turronero,&#8221; Gisela Llad\u00f3, Lidia Torrent, Jaime Astrain, Paloma Segrelles, Ares Teixid\u00f3, Alejandra Prat, Juanma Alcaraz, and many more came together to support the commendable work of these NGOs.<\/p>\n<p><img loading=\"lazy\" decoding=\"async\" class=\"size-medium wp-image-6503 alignnone\" src=\"https:\/\/www.cromogenia.com\/wp-content\/uploads\/2023\/11\/Actuacion-Ruth-Lorenzo-300x186.jpg\" alt=\"\" width=\"300\" height=\"186\" \/> <img loading=\"lazy\" decoding=\"async\" class=\"size-medium wp-image-6501 alignnone\" src=\"https:\/\/www.cromogenia.com\/wp-content\/uploads\/2023\/11\/actuacion-thais-henriquez-300x200.png\" alt=\"actuacion\" width=\"300\" height=\"200\" \/><\/p>\n<p>During the ceremony, Ruth Ma\u00f1ero, Director of the <a href=\"http:\/\/www.fundacionivanmanero.org\">Fundaci\u00f3n Dr Ivan Ma\u00f1ero <\/a>and President of<a href=\"http:\/\/www.ongamic.org\">\u00a0AMIC<\/a>,<\/p>\n<p>emphasized the importance of education as a powerful tool to change the world and highlighted the ongoing challenges in one of the poorest countries on the planet. The gala also served as a reminder of the positive impact these projects have had on the quality of life for children, women, and vulnerable communities.<\/p>\n<p>Dr. Ivan Ma\u00f1ero shared his two-decade journey, emphasizing how this transformative experience has left indelible marks on his life. His emotional speech prompted attendees to rise from their seats in applause for Dr. Ma\u00f1ero&#8217;s moving words. The gala also recognized volunteerism, awarding singer Gisela Llad\u00f3 for her commitment to the projects for over a decade.<\/p>\n<p><img loading=\"lazy\" decoding=\"async\" class=\"alignnone wp-image-6507 size-large\" src=\"https:\/\/www.cromogenia.com\/wp-content\/uploads\/2023\/11\/photocall-gala-benefica-Ivan-Manero-1024x505.jpg\" alt=\"\" width=\"1024\" height=\"505\" srcset=\"https:\/\/www.cromogenia.com\/wp-content\/uploads\/2023\/11\/photocall-gala-benefica-Ivan-Manero-980x483.jpg 980w, https:\/\/www.cromogenia.com\/wp-content\/uploads\/2023\/11\/photocall-gala-benefica-Ivan-Manero-480x237.jpg 480w\" sizes=\"(min-width: 0px) and (max-width: 480px) 480px, (min-width: 481px) and (max-width: 980px) 980px, (min-width: 981px) 1024px, 100vw\" \/><\/p>\n<p>El Dr. Ivan Ma\u00f1ero comparti\u00f3 sus experiencias de dos d\u00e9cadas, enfatizando c\u00f3mo este viaje transformador ha dejado huellas imborrables en su vida. Su emotivo discurso acab\u00f3 por levantar a los asistentes de sus asientos para aplaudir las conmomedoras palabras del Dr. Ma\u00f1ero.\u00a0 La gala tambi\u00e9n reconoci\u00f3 el voluntariado, otorgando el premio a la cantante Gisela Llad\u00f3 por su compromiso con los proyectos durante m\u00e1s de una d\u00e9cada.<\/p>\n<h2><strong>Cromogenia at the Charity Gala<\/strong><\/h2>\n<p><img loading=\"lazy\" decoding=\"async\" class=\"size-medium wp-image-6509 alignright\" src=\"https:\/\/www.cromogenia.com\/wp-content\/uploads\/2023\/11\/Subasta-gala-benefica-dr-ivan-manero-300x226.jpg\" alt=\"Gala ben\u00e9fica Ivan Ma\u00f1ero\" width=\"300\" height=\"226\" \/>The event included the auction of Lorenzo Quinn&#8217;s sculpture &#8220;I give you my heart III,&#8221; with active participation from personalities like Jose Lu\u00eds L\u00f3pez &#8220;El Turronero,&#8221; who ultimately secured the coveted sculpture. The night concluded with the raffle of prizes from various collaborating brands.<\/p>\n<p>Once again, Cromogenia Units takes pride in being part of this charity gala, reaffirming its commitment to initiatives that seek to improve lives and build a more hopeful future for those in need. The company expresses gratitude for the opportunity to contribute to this noble cause and looks forward to continuing to grow alongside the Dr. Ivan Ma\u00f1ero Foundation and AMIC NGO in the coming years.s.<\/p>\n<p><img loading=\"lazy\" decoding=\"async\" class=\"aligncenter wp-image-6519 size-full\" src=\"https:\/\/www.cromogenia.com\/wp-content\/uploads\/2023\/11\/V1-CROMO-LK-FUNCADIOIM-2023-copia.jpg\" alt=\"\" width=\"1024\" height=\"630\" srcset=\"https:\/\/www.cromogenia.com\/wp-content\/uploads\/2023\/11\/V1-CROMO-LK-FUNCADIOIM-2023-copia.jpg 1024w, https:\/\/www.cromogenia.com\/wp-content\/uploads\/2023\/11\/V1-CROMO-LK-FUNCADIOIM-2023-copia-980x603.jpg 980w, https:\/\/www.cromogenia.com\/wp-content\/uploads\/2023\/11\/V1-CROMO-LK-FUNCADIOIM-2023-copia-480x295.jpg 480w\" sizes=\"(min-width: 0px) and (max-width: 480px) 480px, (min-width: 481px) and (max-width: 980px) 980px, (min-width: 981px) 1024px, 100vw\" \/><\/p>\n","protected":false},"excerpt":{"rendered":"<p>Thursday, November 9th, will be etched in memory as a unique celebration at Mas\u00eda Can Mag\u00ed in Sant Cugat del Vall\u00e8s (BCN), where the Dr. Ivan Ma\u00f1ero Foundation and AMIC NGO commemorated two decades of commitment with an emotional 13th Charity Gala under the theme &#8220;20 years growing together.&#8221; Once again, Cromogenia Units wanted to [&hellip;]<\/p>\n","protected":false},"author":2,"featured_media":6519,"comment_status":"closed","ping_status":"closed","sticky":false,"template":"","format":"standard","meta":{"_et_pb_use_builder":"","_et_pb_old_content":"","_et_gb_content_width":"","footnotes":""},"categories":[213,2],"tags":[],"class_list":["post-6515","post","type-post","status-publish","format-standard","has-post-thumbnail","hentry","category-categoria-es-es-en","category-uncategorized"],"yoast_head":"<!-- This site is optimized with the Yoast SEO plugin v27.2 - https:\/\/yoast.com\/product\/yoast-seo-wordpress\/ -->\n<title>Cromogenia Sponsors the Charity Gala of FDrIM - Cromogenia Units<\/title>\n<meta name=\"description\" content=\"Once again, Cromogenia sponsor the charitable work of the Ivan Ma\u00f1ero Foundation and the NGO AMIC at their annual charity gala.\" \/>\n<meta name=\"robots\" content=\"index, follow, max-snippet:-1, max-image-preview:large, max-video-preview:-1\" \/>\n<link rel=\"canonical\" href=\"https:\/\/www.cromogenia.com\/en\/cromogenia-sponsors-the-charity-gala-of-the-ivan-manero-foundation\/\" \/>\n<meta property=\"og:locale\" content=\"en_US\" \/>\n<meta property=\"og:type\" content=\"article\" \/>\n<meta property=\"og:title\" content=\"Cromogenia Sponsors the Charity Gala of FDrIM - Cromogenia Units\" \/>\n<meta property=\"og:description\" content=\"Once again, Cromogenia sponsor the charitable work of the Ivan Ma\u00f1ero Foundation and the NGO AMIC at their annual charity gala.\" \/>\n<meta property=\"og:url\" content=\"https:\/\/www.cromogenia.com\/en\/cromogenia-sponsors-the-charity-gala-of-the-ivan-manero-foundation\/\" \/>\n<meta property=\"og:site_name\" content=\"Cromogenia Units\" \/>\n<meta property=\"article:published_time\" content=\"2023-11-13T14:54:55+00:00\" \/>\n<meta property=\"article:modified_time\" content=\"2023-11-16T08:39:53+00:00\" \/>\n<meta property=\"og:image\" content=\"https:\/\/www.cromogenia.com\/wp-content\/uploads\/2023\/11\/V1-CROMO-LK-FUNCADIOIM-2023-copia.jpg\" \/>\n\t<meta property=\"og:image:width\" content=\"1024\" \/>\n\t<meta property=\"og:image:height\" content=\"630\" \/>\n\t<meta property=\"og:image:type\" content=\"image\/jpeg\" \/>\n<meta name=\"author\" content=\"ruth\" \/>\n<meta name=\"twitter:card\" content=\"summary_large_image\" \/>\n<meta name=\"twitter:label1\" content=\"Written by\" \/>\n\t<meta name=\"twitter:data1\" content=\"ruth\" \/>\n\t<meta name=\"twitter:label2\" content=\"Est. reading time\" \/>\n\t<meta name=\"twitter:data2\" content=\"4 minutes\" \/>\n<script type=\"application\/ld+json\" class=\"yoast-schema-graph\">{\"@context\":\"https:\/\/schema.org\",\"@graph\":[{\"@type\":\"Article\",\"@id\":\"https:\/\/www.cromogenia.com\/en\/cromogenia-sponsors-the-charity-gala-of-the-ivan-manero-foundation\/#article\",\"isPartOf\":{\"@id\":\"https:\/\/www.cromogenia.com\/en\/cromogenia-sponsors-the-charity-gala-of-the-ivan-manero-foundation\/\"},\"author\":{\"name\":\"ruth\",\"@id\":\"https:\/\/www.cromogenia.com\/#\/schema\/person\/94b8e8913fca78bcba6065a7de5bb1c8\"},\"headline\":\"Cromogenia sponsors the Charity Gala of the Ivan Ma\u00f1ero Foundation\",\"datePublished\":\"2023-11-13T14:54:55+00:00\",\"dateModified\":\"2023-11-16T08:39:53+00:00\",\"mainEntityOfPage\":{\"@id\":\"https:\/\/www.cromogenia.com\/en\/cromogenia-sponsors-the-charity-gala-of-the-ivan-manero-foundation\/\"},\"wordCount\":515,\"image\":{\"@id\":\"https:\/\/www.cromogenia.com\/en\/cromogenia-sponsors-the-charity-gala-of-the-ivan-manero-foundation\/#primaryimage\"},\"thumbnailUrl\":\"https:\/\/www.cromogenia.com\/wp-content\/uploads\/2023\/11\/V1-CROMO-LK-FUNCADIOIM-2023-copia.jpg\",\"articleSection\":[\"Noticias\"],\"inLanguage\":\"en-US\"},{\"@type\":\"WebPage\",\"@id\":\"https:\/\/www.cromogenia.com\/en\/cromogenia-sponsors-the-charity-gala-of-the-ivan-manero-foundation\/\",\"url\":\"https:\/\/www.cromogenia.com\/en\/cromogenia-sponsors-the-charity-gala-of-the-ivan-manero-foundation\/\",\"name\":\"Cromogenia Sponsors the Charity Gala of FDrIM - Cromogenia Units\",\"isPartOf\":{\"@id\":\"https:\/\/www.cromogenia.com\/#website\"},\"primaryImageOfPage\":{\"@id\":\"https:\/\/www.cromogenia.com\/en\/cromogenia-sponsors-the-charity-gala-of-the-ivan-manero-foundation\/#primaryimage\"},\"image\":{\"@id\":\"https:\/\/www.cromogenia.com\/en\/cromogenia-sponsors-the-charity-gala-of-the-ivan-manero-foundation\/#primaryimage\"},\"thumbnailUrl\":\"https:\/\/www.cromogenia.com\/wp-content\/uploads\/2023\/11\/V1-CROMO-LK-FUNCADIOIM-2023-copia.jpg\",\"datePublished\":\"2023-11-13T14:54:55+00:00\",\"dateModified\":\"2023-11-16T08:39:53+00:00\",\"author\":{\"@id\":\"https:\/\/www.cromogenia.com\/#\/schema\/person\/94b8e8913fca78bcba6065a7de5bb1c8\"},\"description\":\"Once again, Cromogenia sponsor the charitable work of the Ivan Ma\u00f1ero Foundation and the NGO AMIC at their annual charity gala.\",\"breadcrumb\":{\"@id\":\"https:\/\/www.cromogenia.com\/en\/cromogenia-sponsors-the-charity-gala-of-the-ivan-manero-foundation\/#breadcrumb\"},\"inLanguage\":\"en-US\",\"potentialAction\":[{\"@type\":\"ReadAction\",\"target\":[\"https:\/\/www.cromogenia.com\/en\/cromogenia-sponsors-the-charity-gala-of-the-ivan-manero-foundation\/\"]}]},{\"@type\":\"ImageObject\",\"inLanguage\":\"en-US\",\"@id\":\"https:\/\/www.cromogenia.com\/en\/cromogenia-sponsors-the-charity-gala-of-the-ivan-manero-foundation\/#primaryimage\",\"url\":\"https:\/\/www.cromogenia.com\/wp-content\/uploads\/2023\/11\/V1-CROMO-LK-FUNCADIOIM-2023-copia.jpg\",\"contentUrl\":\"https:\/\/www.cromogenia.com\/wp-content\/uploads\/2023\/11\/V1-CROMO-LK-FUNCADIOIM-2023-copia.jpg\",\"width\":1024,\"height\":630},{\"@type\":\"BreadcrumbList\",\"@id\":\"https:\/\/www.cromogenia.com\/en\/cromogenia-sponsors-the-charity-gala-of-the-ivan-manero-foundation\/#breadcrumb\",\"itemListElement\":[{\"@type\":\"ListItem\",\"position\":1,\"name\":\"Portada\",\"item\":\"https:\/\/www.cromogenia.com\/en\/\"},{\"@type\":\"ListItem\",\"position\":2,\"name\":\"Cromogenia sponsors the Charity Gala of the Ivan Ma\u00f1ero Foundation\"}]},{\"@type\":\"WebSite\",\"@id\":\"https:\/\/www.cromogenia.com\/#website\",\"url\":\"https:\/\/www.cromogenia.com\/\",\"name\":\"Cromogenia Units\",\"description\":\"Empresa de especialidades qu\u00edmicas, curtidos, recubrimientos, lubricantes y metalurgia.\",\"potentialAction\":[{\"@type\":\"SearchAction\",\"target\":{\"@type\":\"EntryPoint\",\"urlTemplate\":\"https:\/\/www.cromogenia.com\/?s={search_term_string}\"},\"query-input\":{\"@type\":\"PropertyValueSpecification\",\"valueRequired\":true,\"valueName\":\"search_term_string\"}}],\"inLanguage\":\"en-US\"},{\"@type\":\"Person\",\"@id\":\"https:\/\/www.cromogenia.com\/#\/schema\/person\/94b8e8913fca78bcba6065a7de5bb1c8\",\"name\":\"ruth\",\"url\":\"https:\/\/www.cromogenia.com\/en\/author\/ruth\/\"}]}<\/script>\n<!-- \/ Yoast SEO plugin. -->","yoast_head_json":{"title":"Cromogenia Sponsors the Charity Gala of FDrIM - Cromogenia Units","description":"Once again, Cromogenia sponsor the charitable work of the Ivan Ma\u00f1ero Foundation and the NGO AMIC at their annual charity gala.","robots":{"index":"index","follow":"follow","max-snippet":"max-snippet:-1","max-image-preview":"max-image-preview:large","max-video-preview":"max-video-preview:-1"},"canonical":"https:\/\/www.cromogenia.com\/en\/cromogenia-sponsors-the-charity-gala-of-the-ivan-manero-foundation\/","og_locale":"en_US","og_type":"article","og_title":"Cromogenia Sponsors the Charity Gala of FDrIM - Cromogenia Units","og_description":"Once again, Cromogenia sponsor the charitable work of the Ivan Ma\u00f1ero Foundation and the NGO AMIC at their annual charity gala.","og_url":"https:\/\/www.cromogenia.com\/en\/cromogenia-sponsors-the-charity-gala-of-the-ivan-manero-foundation\/","og_site_name":"Cromogenia Units","article_published_time":"2023-11-13T14:54:55+00:00","article_modified_time":"2023-11-16T08:39:53+00:00","og_image":[{"width":1024,"height":630,"url":"https:\/\/www.cromogenia.com\/wp-content\/uploads\/2023\/11\/V1-CROMO-LK-FUNCADIOIM-2023-copia.jpg","type":"image\/jpeg"}],"author":"ruth","twitter_card":"summary_large_image","twitter_misc":{"Written by":"ruth","Est. reading time":"4 minutes"},"schema":{"@context":"https:\/\/schema.org","@graph":[{"@type":"Article","@id":"https:\/\/www.cromogenia.com\/en\/cromogenia-sponsors-the-charity-gala-of-the-ivan-manero-foundation\/#article","isPartOf":{"@id":"https:\/\/www.cromogenia.com\/en\/cromogenia-sponsors-the-charity-gala-of-the-ivan-manero-foundation\/"},"author":{"name":"ruth","@id":"https:\/\/www.cromogenia.com\/#\/schema\/person\/94b8e8913fca78bcba6065a7de5bb1c8"},"headline":"Cromogenia sponsors the Charity Gala of the Ivan Ma\u00f1ero Foundation","datePublished":"2023-11-13T14:54:55+00:00","dateModified":"2023-11-16T08:39:53+00:00","mainEntityOfPage":{"@id":"https:\/\/www.cromogenia.com\/en\/cromogenia-sponsors-the-charity-gala-of-the-ivan-manero-foundation\/"},"wordCount":515,"image":{"@id":"https:\/\/www.cromogenia.com\/en\/cromogenia-sponsors-the-charity-gala-of-the-ivan-manero-foundation\/#primaryimage"},"thumbnailUrl":"https:\/\/www.cromogenia.com\/wp-content\/uploads\/2023\/11\/V1-CROMO-LK-FUNCADIOIM-2023-copia.jpg","articleSection":["Noticias"],"inLanguage":"en-US"},{"@type":"WebPage","@id":"https:\/\/www.cromogenia.com\/en\/cromogenia-sponsors-the-charity-gala-of-the-ivan-manero-foundation\/","url":"https:\/\/www.cromogenia.com\/en\/cromogenia-sponsors-the-charity-gala-of-the-ivan-manero-foundation\/","name":"Cromogenia Sponsors the Charity Gala of FDrIM - Cromogenia Units","isPartOf":{"@id":"https:\/\/www.cromogenia.com\/#website"},"primaryImageOfPage":{"@id":"https:\/\/www.cromogenia.com\/en\/cromogenia-sponsors-the-charity-gala-of-the-ivan-manero-foundation\/#primaryimage"},"image":{"@id":"https:\/\/www.cromogenia.com\/en\/cromogenia-sponsors-the-charity-gala-of-the-ivan-manero-foundation\/#primaryimage"},"thumbnailUrl":"https:\/\/www.cromogenia.com\/wp-content\/uploads\/2023\/11\/V1-CROMO-LK-FUNCADIOIM-2023-copia.jpg","datePublished":"2023-11-13T14:54:55+00:00","dateModified":"2023-11-16T08:39:53+00:00","author":{"@id":"https:\/\/www.cromogenia.com\/#\/schema\/person\/94b8e8913fca78bcba6065a7de5bb1c8"},"description":"Once again, Cromogenia sponsor the charitable work of the Ivan Ma\u00f1ero Foundation and the NGO AMIC at their annual charity gala.","breadcrumb":{"@id":"https:\/\/www.cromogenia.com\/en\/cromogenia-sponsors-the-charity-gala-of-the-ivan-manero-foundation\/#breadcrumb"},"inLanguage":"en-US","potentialAction":[{"@type":"ReadAction","target":["https:\/\/www.cromogenia.com\/en\/cromogenia-sponsors-the-charity-gala-of-the-ivan-manero-foundation\/"]}]},{"@type":"ImageObject","inLanguage":"en-US","@id":"https:\/\/www.cromogenia.com\/en\/cromogenia-sponsors-the-charity-gala-of-the-ivan-manero-foundation\/#primaryimage","url":"https:\/\/www.cromogenia.com\/wp-content\/uploads\/2023\/11\/V1-CROMO-LK-FUNCADIOIM-2023-copia.jpg","contentUrl":"https:\/\/www.cromogenia.com\/wp-content\/uploads\/2023\/11\/V1-CROMO-LK-FUNCADIOIM-2023-copia.jpg","width":1024,"height":630},{"@type":"BreadcrumbList","@id":"https:\/\/www.cromogenia.com\/en\/cromogenia-sponsors-the-charity-gala-of-the-ivan-manero-foundation\/#breadcrumb","itemListElement":[{"@type":"ListItem","position":1,"name":"Portada","item":"https:\/\/www.cromogenia.com\/en\/"},{"@type":"ListItem","position":2,"name":"Cromogenia sponsors the Charity Gala of the Ivan Ma\u00f1ero Foundation"}]},{"@type":"WebSite","@id":"https:\/\/www.cromogenia.com\/#website","url":"https:\/\/www.cromogenia.com\/","name":"Cromogenia Units","description":"Empresa de especialidades qu\u00edmicas, curtidos, recubrimientos, lubricantes y metalurgia.","potentialAction":[{"@type":"SearchAction","target":{"@type":"EntryPoint","urlTemplate":"https:\/\/www.cromogenia.com\/?s={search_term_string}"},"query-input":{"@type":"PropertyValueSpecification","valueRequired":true,"valueName":"search_term_string"}}],"inLanguage":"en-US"},{"@type":"Person","@id":"https:\/\/www.cromogenia.com\/#\/schema\/person\/94b8e8913fca78bcba6065a7de5bb1c8","name":"ruth","url":"https:\/\/www.cromogenia.com\/en\/author\/ruth\/"}]}},"_links":{"self":[{"href":"https:\/\/www.cromogenia.com\/en\/wp-json\/wp\/v2\/posts\/6515","targetHints":{"allow":["GET"]}}],"collection":[{"href":"https:\/\/www.cromogenia.com\/en\/wp-json\/wp\/v2\/posts"}],"about":[{"href":"https:\/\/www.cromogenia.com\/en\/wp-json\/wp\/v2\/types\/post"}],"author":[{"embeddable":true,"href":"https:\/\/www.cromogenia.com\/en\/wp-json\/wp\/v2\/users\/2"}],"replies":[{"embeddable":true,"href":"https:\/\/www.cromogenia.com\/en\/wp-json\/wp\/v2\/comments?post=6515"}],"version-history":[{"count":2,"href":"https:\/\/www.cromogenia.com\/en\/wp-json\/wp\/v2\/posts\/6515\/revisions"}],"predecessor-version":[{"id":6521,"href":"https:\/\/www.cromogenia.com\/en\/wp-json\/wp\/v2\/posts\/6515\/revisions\/6521"}],"wp:featuredmedia":[{"embeddable":true,"href":"https:\/\/www.cromogenia.com\/en\/wp-json\/wp\/v2\/media\/6519"}],"wp:attachment":[{"href":"https:\/\/www.cromogenia.com\/en\/wp-json\/wp\/v2\/media?parent=6515"}],"wp:term":[{"taxonomy":"category","embeddable":true,"href":"https:\/\/www.cromogenia.com\/en\/wp-json\/wp\/v2\/categories?post=6515"},{"taxonomy":"post_tag","embeddable":true,"href":"https:\/\/www.cromogenia.com\/en\/wp-json\/wp\/v2\/tags?post=6515"}],"curies":[{"name":"wp","href":"https:\/\/api.w.org\/{rel}","templated":true}]}}